{"id":1584,"date":"2015-06-09T13:26:42","date_gmt":"2015-06-09T11:26:42","guid":{"rendered":"http:\/\/www.svoar.com\/wp\/?p=1584"},"modified":"2021-12-14T14:02:32","modified_gmt":"2021-12-14T12:02:32","slug":"luz-verde-a-la-reforma-de-la-ley-hipotecaria-y-del-catastro","status":"publish","type":"post","link":"http:\/\/www.svoar.com\/wp\/?p=1584","title":{"rendered":"Luz verde a la reforma de la Ley Hipotecaria y del Catastro"},"content":{"rendered":"<p>El Pleno del Senado ha dado luz verde a la\u00a0<a href=\"http:\/\/www.fotocasa.es\/blog\/compraventa\/el-congreso-da-luz-verde-a-la-ley-hipotecaria-y-del-catastro\"><strong>reforma de la Ley Hipotecaria y del Catastro<\/strong><\/a>\u00a0que, entre otras cosas, proh\u00edbe las inmatriculaciones de bienes a las que pod\u00eda acogerse la Iglesia.<\/p>\n<p>La C\u00e1mara Alta ha dado el visto a la norma tras la introducci\u00f3n de tres enmiendas transaccionales de CiU y PSOE, y la remite as\u00ed al Congreso de los Diputados para su aprobaci\u00f3n definitiva.<\/p>\n<p>La nueva norma persigue una mejor defensa de sus bienes de los ciudadanos al suponer una mayor coordinaci\u00f3n entre el Catastro y el\u00a0<a href=\"http:\/\/www.fotocasa.es\/blog\/compraventa\/10-preguntas-y-respuestas-sobre-el-registro-de-la-propiedad\"><strong>Registro de la Propiedad<\/strong><\/a>.<\/p>\n<p>Esta mayor colaboraci\u00f3n deber\u00eda revertir en un m\u00e1s fluido intercambio seguro de datos entre ambas instancias y en un aumento de la interoperabilidad entre ellas. Adem\u00e1s, la Ley est\u00e1 llamada a incrementar la seguridad jur\u00eddica en el tr\u00e1fico inmobiliario y a simplificar la tramitaci\u00f3n administrativa.<\/p>\n<p>La Comisi\u00f3n de Justicia del Congreso dio v\u00eda libre a la reforma el pasado mes de marzo con los votos de PP, UPyD, PNV y UPN, tras modificar el texto original con las 43 enmiendas parciales de los \u2018populares\u2019 y tres cambios pactados con la formaci\u00f3n magenta y Uni\u00f3n del Pueblo Navarro.<\/p>\n<p>Por su parte, el PSOE present\u00f3 enmienda de totalidad al proyecto de ley y la Izquierda Plural (IU-ICV-CHA) vot\u00f3 en contra del proyecto de ley, al criticar entre otros asuntos que no se revisasen las inmatriculaciones realizadas por la Iglesia Cat\u00f3lica en las \u00faltimas d\u00e9cadas, y a las que ahora se pone fin.<\/p>\n","protected":false},"excerpt":{"rendered":"<p>El Pleno del Senado ha dado luz verde a la\u00a0reforma de la Ley Hipotecaria y del Catastro\u00a0que, entre otras cosas, proh\u00edbe las inmatriculaciones de bienes a las que pod\u00eda acogerse la Iglesia. La C\u00e1mara Alta ha dado el visto a la norma tras la introducci\u00f3n de tres enmiendas transaccionales de CiU y PSOE, y la<\/p>\n","protected":false},"author":1,"featured_media":1634,"comment_status":"closed","ping_status":"open","sticky":false,"template":"","format":"standard","meta":[],"categories":[1],"tags":[],"_links":{"self":[{"href":"http:\/\/www.svoar.com\/wp\/index.php?rest_route=\/wp\/v2\/posts\/1584"}],"collection":[{"href":"http:\/\/www.svoar.com\/wp\/index.php?rest_route=\/wp\/v2\/posts"}],"about":[{"href":"http:\/\/www.svoar.com\/wp\/index.php?rest_route=\/wp\/v2\/types\/post"}],"author":[{"embeddable":true,"href":"http:\/\/www.svoar.com\/wp\/index.php?rest_route=\/wp\/v2\/users\/1"}],"replies":[{"embeddable":true,"href":"http:\/\/www.svoar.com\/wp\/index.php?rest_route=%2Fwp%2Fv2%2Fcomments&post=1584"}],"version-history":[{"count":1,"href":"http:\/\/www.svoar.com\/wp\/index.php?rest_route=\/wp\/v2\/posts\/1584\/revisions"}],"predecessor-version":[{"id":1585,"href":"http:\/\/www.svoar.com\/wp\/index.php?rest_route=\/wp\/v2\/posts\/1584\/revisions\/1585"}],"wp:featuredmedia":[{"embeddable":true,"href":"http:\/\/www.svoar.com\/wp\/index.php?rest_route=\/wp\/v2\/media\/1634"}],"wp:attachment":[{"href":"http:\/\/www.svoar.com\/wp\/index.php?rest_route=%2Fwp%2Fv2%2Fmedia&parent=1584"}],"wp:term":[{"taxonomy":"category","embeddable":true,"href":"http:\/\/www.svoar.com\/wp\/index.php?rest_route=%2Fwp%2Fv2%2Fcategories&post=1584"},{"taxonomy":"post_tag","embeddable":true,"href":"http:\/\/www.svoar.com\/wp\/index.php?rest_route=%2Fwp%2Fv2%2Ftags&post=1584"}],"curies":[{"name":"wp","href":"https:\/\/api.w.org\/{rel}","templated":true}]}}